{"id":476,"date":"2025-01-31T16:36:30","date_gmt":"2025-01-31T21:36:30","guid":{"rendered":"https:\/\/telethon.cheofoundation.com\/telethon-story\/lhistoire-du-tala\/"},"modified":"2025-05-28T11:24:50","modified_gmt":"2025-05-28T15:24:50","slug":"lhistoire-du-tala","status":"publish","type":"tstories","link":"https:\/\/telethon.cheofoundation.com\/fr\/telethon-story\/lhistoire-du-tala\/","title":{"rendered":"L&rsquo;histoire de Tala"},"content":{"rendered":"\n<div class=\"wp-block-columns is-layout-flex wp-container-core-columns-is-layout-28f84493 wp-block-columns-is-layout-flex\">\n<div class=\"wp-block-column is-layout-flow wp-block-column-is-layout-flow\">\n<div class=\"wp-block-group is-nowrap is-layout-flex wp-container-core-group-is-layout-6c531013 wp-block-group-is-layout-flex\">\n<figure class=\"wp-block-image size-full position-icon position-center-right pull-up\"><img loading=\"lazy\" decoding=\"async\" width=\"135\" height=\"125\" src=\"https:\/\/telethon.cheofoundation.com\/wp-content\/uploads\/sites\/3\/2025\/01\/Bear.png\" alt=\"\" class=\"wp-image-107\"\/><\/figure>\n<\/div>\n\n\n\n<h2 class=\"wp-block-heading has-text-align-center\">Rencontrez Tala<\/h2>\n\n\n\n<p class=\"has-text-align-center narrow-width-large\" style=\"padding-right:300px;padding-left:300px\">\u00c0 l&rsquo;\u00e2ge de trois ans, Tala a commenc\u00e9 \u00e0 ressentir de fortes douleurs dorsales. Les examens ont permis de diagnostiquer un cancer rare et de d\u00e9couvrir une tumeur de la taille d&rsquo;un pamplemousse qui comprime son c\u0153ur, ses poumons et son estomac. Apr\u00e8s des mois de douleurs intenses, elle a \u00e9t\u00e9 admise au CHEO, o\u00f9 elle a subi une chimioth\u00e9rapie et une intervention chirurgicale pour retirer la tumeur ainsi que cinq de ses c\u00f4tes. Malgr\u00e9 de nombreux d\u00e9fis, le r\u00e9tablissement de Tala a \u00e9t\u00e9 remarquable. Elle est maintenant une enfant active de cinq ans qui vit avec une l\u00e9g\u00e8re scoliose et continue d&rsquo;\u00eatre suivie par l&rsquo;\u00e9quipe orthop\u00e9dique du CHEO. Le parcours de Tala, soutenu par sa famille et le d\u00e9vouement de son \u00e9quipe de soins au CHEO, a \u00e9t\u00e9 un miracle.     <\/p>\n<\/div>\n<\/div>\n\n\n\n<div style=\"height:60px\" aria-hidden=\"true\" class=\"wp-block-spacer\"><\/div>\n\n\n\n<div class=\"wp-block-columns content-video is-layout-flex wp-container-core-columns-is-layout-28f84493 wp-block-columns-is-layout-flex\">\n<div class=\"wp-block-column is-layout-flow wp-block-column-is-layout-flow\">\n<div class=\"wp-block-cover\" style=\"border-style:none;border-width:0px;min-height:100px;aspect-ratio:unset;\"><span aria-hidden=\"true\" class=\"wp-block-cover__background has-dkpurple-background-color has-background-dim-100 has-background-dim\"><\/span><div class=\"wp-block-cover__inner-container is-layout-constrained wp-block-cover-is-layout-constrained\">\n<div class=\"wp-block-columns is-layout-flex wp-container-core-columns-is-layout-28f84493 wp-block-columns-is-layout-flex\">\n<div class=\"wp-block-column is-vertically-aligned-center is-layout-flow wp-block-column-is-layout-flow\" style=\"flex-basis:62%\">\n<figure class=\"wp-block-embed is-type-video is-provider-youtube wp-block-embed-youtube wp-embed-aspect-16-9 wp-has-aspect-ratio\"><div class=\"wp-block-embed__wrapper\">\n<iframe loading=\"lazy\" title=\"Telethon 2025: Tala&#039;s Story\" width=\"1200\" height=\"675\" src=\"https:\/\/www.youtube.com\/embed\/A9yoFNM4mdo?feature=oembed\" frameborder=\"0\" allow=\"accelerometer; autoplay; clipboard-write; encrypted-media; gyroscope; picture-in-picture; web-share\" referrerpolicy=\"strict-origin-when-cross-origin\" allowfullscreen><\/iframe>\n<\/div><\/figure>\n<\/div>\n\n\n\n<div class=\"wp-block-column is-vertically-aligned-center is-layout-flow wp-block-column-is-layout-flow\" style=\"flex-basis:38%\">\n<h2 class=\"wp-block-heading has-text-align-center has-yellow-color has-text-color has-link-color wp-elements-48316056fef7a48151bd03fa4d198cc0\" style=\"padding-right:18px;padding-left:18px;font-size:34px\">Les dons seront jumel\u00e9s jusqu\u2019\u00e0 concurrence de 15,000$<\/h2>\n\n\n\n<figure class=\"wp-block-image aligncenter size-full\"><img loading=\"lazy\" decoding=\"async\" width=\"400\" height=\"163\" src=\"https:\/\/telethon.cheofoundation.com\/wp-content\/uploads\/sites\/3\/2025\/05\/WOStinson.png\" alt=\"\" class=\"wp-image-611\" style=\"object-fit:cover\"\/><\/figure>\n\n\n\n<div class=\"wp-block-buttons is-content-justification-center is-layout-flex wp-container-core-buttons-is-layout-a89b3969 wp-block-buttons-is-layout-flex\">\n<div class=\"wp-block-button\"><a class=\"wp-block-button__link has-yellow-background-color has-background wp-element-button\" href=\"https:\/\/secure.cheofoundation.com\/site\/Donation2?df_id=2486&amp;mfc_pref=T&amp;2486.donation=form1&amp;s_locale=fr_CA&amp;_gl=1*zvchda*_gcl_au*MTk3MjQ0NTI3Ni4xNzQxNjQwOTc4*_ga*MTk2NDQxNzAyMy4xNzM4MjYwNjI4*_ga_T3N1FSP7FC*czE3NDgwMTA0NjgkbzEyMCRnMSR0MTc0ODAxMTU1MSRqNTckbDAkaDAkZGY4d3JvamZtSS1zOFJnYkxYendnZGVGZURVMmxUT0ZsWXc.\">Donnez maintenant et votre don sera jumel\u00e9<\/a><\/div>\n<\/div>\n<\/div>\n<\/div>\n\n\n\n<p><strong>Vid\u00e9o en anglais uniquement.<\/strong><\/p>\n<\/div><\/div>\n<\/div>\n<\/div>\n\n\n\n<div style=\"height:60px\" aria-hidden=\"true\" class=\"wp-block-spacer\"><\/div>\n\n\n\n<h2 class=\"wp-block-heading has-text-align-center\">Un message de W.O. Stinson et Fils<\/h2>\n\n\n\n<div style=\"height:18px\" aria-hidden=\"true\" class=\"wp-block-spacer\"><\/div>\n\n\n\n<div class=\"wp-block-columns content-video is-layout-flex wp-container-core-columns-is-layout-28f84493 wp-block-columns-is-layout-flex\">\n<div class=\"wp-block-column is-layout-flow wp-block-column-is-layout-flow\">\n<div class=\"wp-block-cover is-light\" style=\"border-style:none;border-width:0px;min-height:100px;aspect-ratio:unset;\"><span aria-hidden=\"true\" class=\"wp-block-cover__background has-medturquoise-background-color has-background-dim-100 has-background-dim\"><\/span><div class=\"wp-block-cover__inner-container is-layout-constrained wp-block-cover-is-layout-constrained\">\n<div class=\"wp-block-columns is-layout-flex wp-container-core-columns-is-layout-28f84493 wp-block-columns-is-layout-flex\">\n<div class=\"wp-block-column is-layout-flow wp-block-column-is-layout-flow\" style=\"flex-basis:100%\">\n<figure class=\"wp-block-embed is-type-video is-provider-youtube wp-block-embed-youtube wp-embed-aspect-16-9 wp-has-aspect-ratio\"><div class=\"wp-block-embed__wrapper\">\n<iframe loading=\"lazy\" title=\"CHEO Telethon 2025 Sponsor: W.O. Stinson\" width=\"1200\" height=\"675\" src=\"https:\/\/www.youtube.com\/embed\/tRaaWtjyjCs?feature=oembed\" frameborder=\"0\" allow=\"accelerometer; autoplay; clipboard-write; encrypted-media; gyroscope; picture-in-picture; web-share\" referrerpolicy=\"strict-origin-when-cross-origin\" allowfullscreen><\/iframe>\n<\/div><\/figure>\n\n\n\n<p class=\"has-dkpurple-color has-text-color has-link-color wp-elements-37939e084173d7896c35faa70919e36d\"><strong>Vid\u00e9o en anglais uniquement.<\/strong><\/p>\n<\/div>\n<\/div>\n<\/div><\/div>\n<\/div>\n<\/div>\n","protected":false},"excerpt":{"rendered":"<p>Regardez pour en savoir plus sur le parcours de Tala, guid\u00e9e par les experts du CHEO.<\/p>\n","protected":false},"featured_media":531,"parent":0,"template":"","class_list":["post-476","tstories","type-tstories","status-publish","has-post-thumbnail","hentry"],"yoast_head":"<!-- This site is optimized with the Yoast SEO plugin v27.5 - https:\/\/yoast.com\/product\/yoast-seo-wordpress\/ -->\n<title>L&#039;histoire de Tala | T\u00e9l\u00e9thon du CHEO<\/title>\n<meta name=\"robots\" content=\"index, follow, max-snippet:-1, max-image-preview:large, max-video-preview:-1\" \/>\n<link rel=\"canonical\" href=\"https:\/\/telethon.cheofoundation.com\/fr\/telethon-story\/lhistoire-du-tala\/\" \/>\n<meta property=\"og:locale\" content=\"fr_FR\" \/>\n<meta property=\"og:type\" content=\"article\" \/>\n<meta property=\"og:title\" content=\"L&#039;histoire de Tala | T\u00e9l\u00e9thon du CHEO\" \/>\n<meta property=\"og:description\" content=\"Regardez pour en savoir plus sur le parcours de Tala, guid\u00e9e par les experts du CHEO.\" \/>\n<meta property=\"og:url\" content=\"https:\/\/telethon.cheofoundation.com\/fr\/telethon-story\/lhistoire-du-tala\/\" \/>\n<meta property=\"og:site_name\" content=\"T\u00e9l\u00e9thon du CHEO\" \/>\n<meta property=\"article:modified_time\" content=\"2025-05-28T15:24:50+00:00\" \/>\n<meta property=\"og:image\" content=\"https:\/\/telethon.cheofoundation.com\/wp-content\/uploads\/sites\/3\/2025\/01\/Tala_Telethon_2025__8.jpg\" \/>\n\t<meta property=\"og:image:width\" content=\"2000\" \/>\n\t<meta property=\"og:image:height\" content=\"2070\" \/>\n\t<meta property=\"og:image:type\" content=\"image\/jpeg\" \/>\n<meta name=\"twitter:card\" content=\"summary_large_image\" \/>\n<meta name=\"twitter:label1\" content=\"Est. reading time\" \/>\n\t<meta name=\"twitter:data1\" content=\"2 minutes\" \/>\n<script type=\"application\/ld+json\" class=\"yoast-schema-graph\">{\"@context\":\"https:\\\/\\\/schema.org\",\"@graph\":[{\"@type\":\"WebPage\",\"@id\":\"https:\\\/\\\/telethon.cheofoundation.com\\\/fr\\\/telethon-story\\\/lhistoire-du-tala\\\/\",\"url\":\"https:\\\/\\\/telethon.cheofoundation.com\\\/fr\\\/telethon-story\\\/lhistoire-du-tala\\\/\",\"name\":\"L'histoire de Tala | T\u00e9l\u00e9thon du CHEO\",\"isPartOf\":{\"@id\":\"https:\\\/\\\/telethon.cheofoundation.com\\\/fr\\\/#website\"},\"primaryImageOfPage\":{\"@id\":\"https:\\\/\\\/telethon.cheofoundation.com\\\/fr\\\/telethon-story\\\/lhistoire-du-tala\\\/#primaryimage\"},\"image\":{\"@id\":\"https:\\\/\\\/telethon.cheofoundation.com\\\/fr\\\/telethon-story\\\/lhistoire-du-tala\\\/#primaryimage\"},\"thumbnailUrl\":\"https:\\\/\\\/telethon.cheofoundation.com\\\/wp-content\\\/uploads\\\/sites\\\/3\\\/2025\\\/01\\\/Tala_Telethon_2025__8.jpg\",\"datePublished\":\"2025-01-31T21:36:30+00:00\",\"dateModified\":\"2025-05-28T15:24:50+00:00\",\"breadcrumb\":{\"@id\":\"https:\\\/\\\/telethon.cheofoundation.com\\\/fr\\\/telethon-story\\\/lhistoire-du-tala\\\/#breadcrumb\"},\"inLanguage\":\"fr-FR\",\"potentialAction\":[{\"@type\":\"ReadAction\",\"target\":[\"https:\\\/\\\/telethon.cheofoundation.com\\\/fr\\\/telethon-story\\\/lhistoire-du-tala\\\/\"]}]},{\"@type\":\"ImageObject\",\"inLanguage\":\"fr-FR\",\"@id\":\"https:\\\/\\\/telethon.cheofoundation.com\\\/fr\\\/telethon-story\\\/lhistoire-du-tala\\\/#primaryimage\",\"url\":\"https:\\\/\\\/telethon.cheofoundation.com\\\/wp-content\\\/uploads\\\/sites\\\/3\\\/2025\\\/01\\\/Tala_Telethon_2025__8.jpg\",\"contentUrl\":\"https:\\\/\\\/telethon.cheofoundation.com\\\/wp-content\\\/uploads\\\/sites\\\/3\\\/2025\\\/01\\\/Tala_Telethon_2025__8.jpg\",\"width\":2000,\"height\":2070},{\"@type\":\"BreadcrumbList\",\"@id\":\"https:\\\/\\\/telethon.cheofoundation.com\\\/fr\\\/telethon-story\\\/lhistoire-du-tala\\\/#breadcrumb\",\"itemListElement\":[{\"@type\":\"ListItem\",\"position\":1,\"name\":\"Home\",\"item\":\"https:\\\/\\\/telethon.cheofoundation.com\\\/fr\\\/\"},{\"@type\":\"ListItem\",\"position\":2,\"name\":\"Stories\",\"item\":\"https:\\\/\\\/telethon.cheofoundation.com\\\/fr\\\/telethon-story\\\/\"},{\"@type\":\"ListItem\",\"position\":3,\"name\":\"L&#8217;histoire de Tala\"}]},{\"@type\":\"WebSite\",\"@id\":\"https:\\\/\\\/telethon.cheofoundation.com\\\/fr\\\/#website\",\"url\":\"https:\\\/\\\/telethon.cheofoundation.com\\\/fr\\\/\",\"name\":\"T\u00e9l\u00e9thon du CHEO\",\"description\":\"\",\"publisher\":{\"@id\":\"https:\\\/\\\/telethon.cheofoundation.com\\\/fr\\\/#organization\"},\"potentialAction\":[{\"@type\":\"SearchAction\",\"target\":{\"@type\":\"EntryPoint\",\"urlTemplate\":\"https:\\\/\\\/telethon.cheofoundation.com\\\/fr\\\/?s={search_term_string}\"},\"query-input\":{\"@type\":\"PropertyValueSpecification\",\"valueRequired\":true,\"valueName\":\"search_term_string\"}}],\"inLanguage\":\"fr-FR\"},{\"@type\":\"Organization\",\"@id\":\"https:\\\/\\\/telethon.cheofoundation.com\\\/fr\\\/#organization\",\"name\":\"CHEO Telethon\",\"url\":\"https:\\\/\\\/telethon.cheofoundation.com\\\/fr\\\/\",\"logo\":{\"@type\":\"ImageObject\",\"inLanguage\":\"fr-FR\",\"@id\":\"https:\\\/\\\/telethon.cheofoundation.com\\\/fr\\\/#\\\/schema\\\/logo\\\/image\\\/\",\"url\":\"https:\\\/\\\/telethon.cheofoundation.com\\\/wp-content\\\/uploads\\\/sites\\\/3\\\/2025\\\/01\\\/Telethon-Logo.png\",\"contentUrl\":\"https:\\\/\\\/telethon.cheofoundation.com\\\/wp-content\\\/uploads\\\/sites\\\/3\\\/2025\\\/01\\\/Telethon-Logo.png\",\"width\":1200,\"height\":427,\"caption\":\"CHEO Telethon\"},\"image\":{\"@id\":\"https:\\\/\\\/telethon.cheofoundation.com\\\/fr\\\/#\\\/schema\\\/logo\\\/image\\\/\"}}]}<\/script>\n<!-- \/ Yoast SEO plugin. -->","yoast_head_json":{"title":"L'histoire de Tala | T\u00e9l\u00e9thon du CHEO","robots":{"index":"index","follow":"follow","max-snippet":"max-snippet:-1","max-image-preview":"max-image-preview:large","max-video-preview":"max-video-preview:-1"},"canonical":"https:\/\/telethon.cheofoundation.com\/fr\/telethon-story\/lhistoire-du-tala\/","og_locale":"fr_FR","og_type":"article","og_title":"L'histoire de Tala | T\u00e9l\u00e9thon du CHEO","og_description":"Regardez pour en savoir plus sur le parcours de Tala, guid\u00e9e par les experts du CHEO.","og_url":"https:\/\/telethon.cheofoundation.com\/fr\/telethon-story\/lhistoire-du-tala\/","og_site_name":"T\u00e9l\u00e9thon du CHEO","article_modified_time":"2025-05-28T15:24:50+00:00","og_image":[{"width":2000,"height":2070,"url":"https:\/\/telethon.cheofoundation.com\/wp-content\/uploads\/sites\/3\/2025\/01\/Tala_Telethon_2025__8.jpg","type":"image\/jpeg"}],"twitter_card":"summary_large_image","twitter_misc":{"Est. reading time":"2 minutes"},"schema":{"@context":"https:\/\/schema.org","@graph":[{"@type":"WebPage","@id":"https:\/\/telethon.cheofoundation.com\/fr\/telethon-story\/lhistoire-du-tala\/","url":"https:\/\/telethon.cheofoundation.com\/fr\/telethon-story\/lhistoire-du-tala\/","name":"L'histoire de Tala | T\u00e9l\u00e9thon du CHEO","isPartOf":{"@id":"https:\/\/telethon.cheofoundation.com\/fr\/#website"},"primaryImageOfPage":{"@id":"https:\/\/telethon.cheofoundation.com\/fr\/telethon-story\/lhistoire-du-tala\/#primaryimage"},"image":{"@id":"https:\/\/telethon.cheofoundation.com\/fr\/telethon-story\/lhistoire-du-tala\/#primaryimage"},"thumbnailUrl":"https:\/\/telethon.cheofoundation.com\/wp-content\/uploads\/sites\/3\/2025\/01\/Tala_Telethon_2025__8.jpg","datePublished":"2025-01-31T21:36:30+00:00","dateModified":"2025-05-28T15:24:50+00:00","breadcrumb":{"@id":"https:\/\/telethon.cheofoundation.com\/fr\/telethon-story\/lhistoire-du-tala\/#breadcrumb"},"inLanguage":"fr-FR","potentialAction":[{"@type":"ReadAction","target":["https:\/\/telethon.cheofoundation.com\/fr\/telethon-story\/lhistoire-du-tala\/"]}]},{"@type":"ImageObject","inLanguage":"fr-FR","@id":"https:\/\/telethon.cheofoundation.com\/fr\/telethon-story\/lhistoire-du-tala\/#primaryimage","url":"https:\/\/telethon.cheofoundation.com\/wp-content\/uploads\/sites\/3\/2025\/01\/Tala_Telethon_2025__8.jpg","contentUrl":"https:\/\/telethon.cheofoundation.com\/wp-content\/uploads\/sites\/3\/2025\/01\/Tala_Telethon_2025__8.jpg","width":2000,"height":2070},{"@type":"BreadcrumbList","@id":"https:\/\/telethon.cheofoundation.com\/fr\/telethon-story\/lhistoire-du-tala\/#breadcrumb","itemListElement":[{"@type":"ListItem","position":1,"name":"Home","item":"https:\/\/telethon.cheofoundation.com\/fr\/"},{"@type":"ListItem","position":2,"name":"Stories","item":"https:\/\/telethon.cheofoundation.com\/fr\/telethon-story\/"},{"@type":"ListItem","position":3,"name":"L&#8217;histoire de Tala"}]},{"@type":"WebSite","@id":"https:\/\/telethon.cheofoundation.com\/fr\/#website","url":"https:\/\/telethon.cheofoundation.com\/fr\/","name":"T\u00e9l\u00e9thon du CHEO","description":"","publisher":{"@id":"https:\/\/telethon.cheofoundation.com\/fr\/#organization"},"potentialAction":[{"@type":"SearchAction","target":{"@type":"EntryPoint","urlTemplate":"https:\/\/telethon.cheofoundation.com\/fr\/?s={search_term_string}"},"query-input":{"@type":"PropertyValueSpecification","valueRequired":true,"valueName":"search_term_string"}}],"inLanguage":"fr-FR"},{"@type":"Organization","@id":"https:\/\/telethon.cheofoundation.com\/fr\/#organization","name":"CHEO Telethon","url":"https:\/\/telethon.cheofoundation.com\/fr\/","logo":{"@type":"ImageObject","inLanguage":"fr-FR","@id":"https:\/\/telethon.cheofoundation.com\/fr\/#\/schema\/logo\/image\/","url":"https:\/\/telethon.cheofoundation.com\/wp-content\/uploads\/sites\/3\/2025\/01\/Telethon-Logo.png","contentUrl":"https:\/\/telethon.cheofoundation.com\/wp-content\/uploads\/sites\/3\/2025\/01\/Telethon-Logo.png","width":1200,"height":427,"caption":"CHEO Telethon"},"image":{"@id":"https:\/\/telethon.cheofoundation.com\/fr\/#\/schema\/logo\/image\/"}}]}},"_links":{"self":[{"href":"https:\/\/telethon.cheofoundation.com\/fr\/wp-json\/wp\/v2\/tstories\/476","targetHints":{"allow":["GET"]}}],"collection":[{"href":"https:\/\/telethon.cheofoundation.com\/fr\/wp-json\/wp\/v2\/tstories"}],"about":[{"href":"https:\/\/telethon.cheofoundation.com\/fr\/wp-json\/wp\/v2\/types\/tstories"}],"wp:featuredmedia":[{"embeddable":true,"href":"https:\/\/telethon.cheofoundation.com\/fr\/wp-json\/wp\/v2\/media\/531"}],"wp:attachment":[{"href":"https:\/\/telethon.cheofoundation.com\/fr\/wp-json\/wp\/v2\/media?parent=476"}],"curies":[{"name":"wp","href":"https:\/\/api.w.org\/{rel}","templated":true}]}}